{"id":782,"date":"2025-12-28T02:07:33","date_gmt":"2025-12-28T01:07:33","guid":{"rendered":"https:\/\/castellosanantonio.com\/?p=782"},"modified":"2025-12-28T02:36:56","modified_gmt":"2025-12-28T01:36:56","slug":"jardin-botanique-andre-heller-gardone-riviera","status":"publish","type":"post","link":"https:\/\/castellosanantonio.com\/fr\/giardino-botanico-andre-heller-gardone-riviera\/","title":{"rendered":"Jardin botanique Andre\u2019 Heller"},"content":{"rendered":"<section class=\"l-section wpb_row height_small\"><div class=\"l-section-h i-cf\"><div class=\"g-cols vc_row via_grid cols_1 laptops-cols_inherit tablets-cols_inherit mobiles-cols_1 valign_top type_default stacking_default\"><div class=\"wpb_column vc_column_container\"><div class=\"vc_column-inner\"><div class=\"wpb_text_column\"><div class=\"wpb_wrapper\"><h1>Jardin botanique Andr\u00e9 Heller : une oasis entre art et nature \u00e0 Gardone Riviera<\/h1>\n<p>Si vous cherchez un endroit o\u00f9 la beaut\u00e9 de la flore exotique rencontre la cr\u00e9ativit\u00e9 de l'art contemporain, l'Institut de recherche et de d\u00e9veloppement de l'Union europ\u00e9enne est l'endroit id\u00e9al. <strong>Jardin botanique Andr\u00e9 Heller<\/strong> \u00e0 Gardone Riviera est une destination \u00e0 ne pas manquer. Connu \u00e9galement sous le nom de jardin Hruska, cet espace magique abrite des milliers d'esp\u00e8ces v\u00e9g\u00e9tales de tous les continents, harmonieusement int\u00e9gr\u00e9es \u00e0 des \u0153uvres d'art r\u00e9alis\u00e9es par des artistes de renomm\u00e9e mondiale tels que Keith Haring et Salvador Dal\u00ed.<\/p>\n<p>S\u00e9jour \u00e0 l'h\u00f4tel\u2019<strong>H\u00f4tel Castello S. Antonio<\/strong> \u00e0 Lazise vous permet de planifier un merveilleux voyage \u00e0 l'\u00e9tranger. <strong>Jardin botanique Andr\u00e9 Heller<\/strong>, situ\u00e9 \u00e0 environ <strong>\u00e0 40 km<\/strong>. Vous pouvez choisir d'y acc\u00e9der par une route panoramique le long de la c\u00f4te sud du lac ou opter pour le ferry \u00e0 partir de Torri del Benaco pour une travers\u00e9e inoubliable.<\/p>\n<h2>A voir au jardin botanique Andr\u00e9 Heller : un voyage sensoriel<\/h2>\n<p>Visitez le site <strong>Jardin botanique Andr\u00e9 Heller<\/strong> c'est s'immerger dans un microcosme o\u00f9 chaque recoin r\u00e9serve une surprise. Voici les points forts qui rendent cette collection botanique unique :<\/p>\n<ul>\n<li><strong>Plantes du monde entier<\/strong>Le lac de Garde : Foug\u00e8res g\u00e9antes, palmiers, for\u00eats de bambous et jardins japonais coexistent gr\u00e2ce au microclimat unique du lac de Garde.<\/li>\n<li><strong>\u0152uvres d'art contemporain<\/strong>: A l'int\u00e9rieur de la <strong>Jardin botanique Andr\u00e9 Heller<\/strong>, La nature sert de cadre \u00e0 des sculptures spectaculaires, des installations modernes et des symboles spirituels qui invitent \u00e0 la m\u00e9ditation.<\/li>\n<li><strong>Lacs et cascades<\/strong>Les petits \u00e9tangs couverts de n\u00e9nuphars et les jeux d'eau cr\u00e9ent une ambiance relaxante tout au long de la promenade dans le parc.<\/li>\n<\/ul>\n<\/div><\/div><\/div><\/div><\/div><\/div><\/section><section class=\"l-section wpb_row us_custom_a170883e height_medium width_full with_img\"><div class=\"l-section-img\" role=\"img\" aria-label=\"Jardin botanique Andr\u00e9 Heller\" data-img-width=\"1500\" data-img-height=\"1125\" style=\"background-image: url(https:\/\/castellosanantonio.com\/wp-content\/uploads\/2025\/12\/Giardino-Botanico-Andre-Heller.jpg);background-repeat: no-repeat;\"><\/div><div class=\"l-section-overlay\" style=\"background:rgba(26,26,26,0.25)\"><\/div><div class=\"l-section-h i-cf\"><div class=\"g-cols vc_row via_grid cols_1 laptops-cols_inherit tablets-cols_inherit mobiles-cols_1 valign_middle type_default stacking_default\"><div class=\"wpb_column vc_column_container\"><div class=\"vc_column-inner\"><h5 class=\"w-text us_custom_d44d8758 has_text_color\"><span class=\"w-text-h\"><span class=\"w-text-value\">De la fascination de l'art \u00e0 la d\u00e9tente de notre piscine<\/span><\/span><\/h5><p class=\"w-text us_custom_1ed9b419 has_text_color\"><span class=\"w-text-h\"><span class=\"w-text-value\">Apr\u00e8s une journ\u00e9e au jardin botanique Andr\u00e9 Heller, r\u00e9fugiez-vous dans la tranquillit\u00e9 de l'h\u00f4tel Castello S. Antonio. R\u00e9servez votre chambre d\u00e8s maintenant.<\/span><\/span><\/p><div class=\"w-separator size_medium\"><\/div><div class=\"w-btn-wrapper align_center\"><a class=\"w-btn us-btn-style_1 us_custom_09d3e09f\" target=\"_blank\" href=\"https:\/\/booking.hotelincloud.com\/show\/1121210\"><span class=\"w-btn-label\">R\u00e9server<\/span><\/a><\/div><div class=\"w-btn-wrapper align_center\"><a class=\"w-btn us-btn-style_1 us_custom_09d3e09f\" href=\"\/fr\/contacts-hotel-castello-san-antonio\/\"><span class=\"w-btn-label\">Demande d'information<\/span><\/a><\/div><\/div><\/div><\/div><\/div><\/section>\n<section class=\"l-section wpb_row height_small\"><div class=\"l-section-h i-cf\"><div class=\"g-cols vc_row via_grid cols_1 laptops-cols_inherit tablets-cols_inherit mobiles-cols_1 valign_top type_default stacking_default\"><div class=\"wpb_column vc_column_container\"><div class=\"vc_column-inner\"><div class=\"wpb_text_column\"><div class=\"wpb_wrapper\"><p><strong>Conseils au personnel<\/strong>: Le <strong>Jardin botanique Andr\u00e9 Heller<\/strong> est particuli\u00e8rement fascinant au printemps pour les fleurs ou \u00e0 la fin de l'\u00e9t\u00e9 pour la v\u00e9g\u00e9tation tropicale luxuriante. Apr\u00e8s avoir explor\u00e9 cette perle de la Riviera de Gardone, le retour \u00e0 notre h\u00f4tel se fait en douceur. <a href=\"\/fr\/chambres-hotel-s-antonio-lazise\/\">chambres avec vue sur le lac<\/a> vous offrira le contrepoint parfait du silence et de la paix des collines.<\/p>\n<h2>Visite du jardin botanique Andr\u00e9 Heller depuis Lazise<\/h2>\n<p>Organiser une journ\u00e9e \u00e0 la <strong>Jardin botanique Andr\u00e9 Heller<\/strong> il est tr\u00e8s facile de partir de l'h\u00f4tel Castello S. Antonio. Notre emplacement strat\u00e9gique vous permet de d\u00e9couvrir non seulement Lazise et Bardolino, mais aussi les tr\u00e9sors de la c\u00f4te bresciane. La <a href=\"\/fr\/lhistoire-du-chateau-san-antonio-lazise\/\">histoire ancienne<\/a> de notre h\u00f4tel et la modernit\u00e9 de la <a href=\"\/fr\/services\/\">services aux visiteurs<\/a> rendent chaque excursion plus agr\u00e9able, sachant que vous pouvez compter sur un parking priv\u00e9 gratuit et un accueil familier \u00e0 votre retour.<\/p>\n<p>Le jardin est une exp\u00e9rience qui enrichit l'esprit et s'inscrit parfaitement dans la philosophie des vacances \u201clentes\u201d que nous pr\u00f4nons. Laissez-vous inspirer par les couleurs et les senteurs du jardin. <strong>Jardin botanique Andr\u00e9 Heller<\/strong> et terminez votre journ\u00e9e en admirant le coucher de soleil sur notre terrasse panoramique.<\/p>\n<h2>R\u00e9servez votre s\u00e9jour dans la nature et la beaut\u00e9<\/h2>\n<p>Pour vivre l'enchantement de la <strong>Jardin botanique Andr\u00e9 Heller<\/strong> et profiter de vacances r\u00e9g\u00e9n\u00e9rantes sur le lac de Garde, vous pouvez <a href=\"https:\/\/booking.hotelincloud.com\/show\/1121210\" target=\"_blank\" rel=\"noopener\"><strong>faites votre r\u00e9servation en ligne en quelques instants<\/strong><\/a>, ou demander des informations sur mesure par l'interm\u00e9diaire de notre <a href=\"\/fr\/contacts-hotel-castello-san-antonio\/\"><strong>page de contact<\/strong><\/a>, en \u00e9crivant \u00e0 <a href=\"mailto:info@castellosanantonio.com\">info@castellosanantonio.com<\/a> ou en appelant notre \u00e9quipe au <a href=\"tel:+390457580387\">+39 045 7580387<\/a>.<\/p>\n<\/div><\/div><\/div><\/div><\/div><\/div><\/section>","protected":false},"excerpt":{"rendered":"Giardino Botanico Andr\u00e9 Heller: un&#8217;oasi tra arte e natura a Gardone Riviera Se cerchi un luogo dove la bellezza della flora esotica incontra la creativit\u00e0 dell&#8217;arte contemporanea, il Giardino Botanico Andr\u00e9 Heller a Gardone Riviera \u00e8 una destinazione imperdibile. Conosciuto anche come Giardino Hruska, questo spazio magico ospita migliaia di specie vegetali provenienti da ogni...","protected":false},"author":1,"featured_media":785,"comment_status":"closed","ping_status":"closed","sticky":false,"template":"","format":"standard","meta":{"_acf_changed":false,"footnotes":""},"categories":[6],"tags":[],"class_list":["post-782","post","type-post","status-publish","format-standard","has-post-thumbnail","hentry","category-dintorni"],"acf":[],"yoast_head":"<!-- This site is optimized with the Yoast SEO plugin v28.3 - https:\/\/yoast.com\/product\/yoast-seo-wordpress\/ -->\n<title>Giardino Botanico Andr\u00e9 Heller | Hotel Castello S. Antonio<\/title>\n<meta name=\"description\" content=\"Scopri il Giardino Botanico Andr\u00e9 Heller a Gardone Riviera: un paradiso di piante esotiche e opere d&#039;arte contemporanea partendo da Lazise.\" \/>\n<meta name=\"robots\" content=\"index, follow, max-snippet:-1, max-image-preview:large, max-video-preview:-1\" \/>\n<link rel=\"canonical\" href=\"https:\/\/castellosanantonio.com\/fr\/jardin-botanique-andre-heller-gardone-riviera\/\" \/>\n<meta property=\"og:locale\" content=\"fr_FR\" \/>\n<meta property=\"og:type\" content=\"article\" \/>\n<meta property=\"og:title\" content=\"Giardino Botanico Andr\u00e9 Heller | Hotel Castello S. Antonio\" \/>\n<meta property=\"og:description\" content=\"Scopri il Giardino Botanico Andr\u00e9 Heller a Gardone Riviera: un paradiso di piante esotiche e opere d&#039;arte contemporanea partendo da Lazise.\" \/>\n<meta property=\"og:url\" content=\"https:\/\/castellosanantonio.com\/fr\/jardin-botanique-andre-heller-gardone-riviera\/\" \/>\n<meta property=\"og:site_name\" content=\"Hotel Castello San Antonio\" \/>\n<meta property=\"article:publisher\" content=\"https:\/\/www.facebook.com\/Castellosanantonio\/\" \/>\n<meta property=\"article:published_time\" content=\"2025-12-28T01:07:33+00:00\" \/>\n<meta property=\"article:modified_time\" content=\"2025-12-28T01:36:56+00:00\" \/>\n<meta property=\"og:image\" content=\"https:\/\/castellosanantonio.com\/wp-content\/uploads\/2025\/12\/Giardino-Botanico-Andre-Heller.jpg\" \/>\n\t<meta property=\"og:image:width\" content=\"1500\" \/>\n\t<meta property=\"og:image:height\" content=\"1125\" \/>\n\t<meta property=\"og:image:type\" content=\"image\/jpeg\" \/>\n<meta name=\"author\" content=\"Castello San Antonio\" \/>\n<script type=\"application\/ld+json\" class=\"yoast-schema-graph\">{\"@context\":\"https:\\\/\\\/schema.org\",\"@graph\":[{\"@type\":\"Article\",\"@id\":\"https:\\\/\\\/castellosanantonio.com\\\/giardino-botanico-andre-heller-gardone-riviera\\\/#article\",\"isPartOf\":{\"@id\":\"https:\\\/\\\/castellosanantonio.com\\\/giardino-botanico-andre-heller-gardone-riviera\\\/\"},\"author\":{\"name\":\"Castello San Antonio\",\"@id\":\"https:\\\/\\\/castellosanantonio.com\\\/#\\\/schema\\\/person\\\/525bf014f9797574ab3f89f30124adc1\"},\"headline\":\"Giardino Botanico Andre&#8217; Heller\",\"datePublished\":\"2025-12-28T01:07:33+00:00\",\"dateModified\":\"2025-12-28T01:36:56+00:00\",\"mainEntityOfPage\":{\"@id\":\"https:\\\/\\\/castellosanantonio.com\\\/giardino-botanico-andre-heller-gardone-riviera\\\/\"},\"wordCount\":531,\"publisher\":{\"@id\":\"https:\\\/\\\/castellosanantonio.com\\\/#organization\"},\"image\":{\"@id\":\"https:\\\/\\\/castellosanantonio.com\\\/giardino-botanico-andre-heller-gardone-riviera\\\/#primaryimage\"},\"thumbnailUrl\":\"https:\\\/\\\/castellosanantonio.com\\\/wp-content\\\/uploads\\\/2025\\\/12\\\/Giardino-Botanico-Andre-Heller.jpg\",\"articleSection\":[\"Dintorni\"],\"inLanguage\":\"fr-FR\"},{\"@type\":\"WebPage\",\"@id\":\"https:\\\/\\\/castellosanantonio.com\\\/giardino-botanico-andre-heller-gardone-riviera\\\/\",\"url\":\"https:\\\/\\\/castellosanantonio.com\\\/giardino-botanico-andre-heller-gardone-riviera\\\/\",\"name\":\"Giardino Botanico Andr\u00e9 Heller | Hotel Castello S. Antonio\",\"isPartOf\":{\"@id\":\"https:\\\/\\\/castellosanantonio.com\\\/#website\"},\"primaryImageOfPage\":{\"@id\":\"https:\\\/\\\/castellosanantonio.com\\\/giardino-botanico-andre-heller-gardone-riviera\\\/#primaryimage\"},\"image\":{\"@id\":\"https:\\\/\\\/castellosanantonio.com\\\/giardino-botanico-andre-heller-gardone-riviera\\\/#primaryimage\"},\"thumbnailUrl\":\"https:\\\/\\\/castellosanantonio.com\\\/wp-content\\\/uploads\\\/2025\\\/12\\\/Giardino-Botanico-Andre-Heller.jpg\",\"datePublished\":\"2025-12-28T01:07:33+00:00\",\"dateModified\":\"2025-12-28T01:36:56+00:00\",\"description\":\"Scopri il Giardino Botanico Andr\u00e9 Heller a Gardone Riviera: un paradiso di piante esotiche e opere d'arte contemporanea partendo da Lazise.\",\"breadcrumb\":{\"@id\":\"https:\\\/\\\/castellosanantonio.com\\\/giardino-botanico-andre-heller-gardone-riviera\\\/#breadcrumb\"},\"inLanguage\":\"fr-FR\",\"potentialAction\":[{\"@type\":\"ReadAction\",\"target\":[\"https:\\\/\\\/castellosanantonio.com\\\/giardino-botanico-andre-heller-gardone-riviera\\\/\"]}]},{\"@type\":\"ImageObject\",\"inLanguage\":\"fr-FR\",\"@id\":\"https:\\\/\\\/castellosanantonio.com\\\/giardino-botanico-andre-heller-gardone-riviera\\\/#primaryimage\",\"url\":\"https:\\\/\\\/castellosanantonio.com\\\/wp-content\\\/uploads\\\/2025\\\/12\\\/Giardino-Botanico-Andre-Heller.jpg\",\"contentUrl\":\"https:\\\/\\\/castellosanantonio.com\\\/wp-content\\\/uploads\\\/2025\\\/12\\\/Giardino-Botanico-Andre-Heller.jpg\",\"width\":1500,\"height\":1125,\"caption\":\"Giardino Botanico Andr\u00e9 Heller\"},{\"@type\":\"BreadcrumbList\",\"@id\":\"https:\\\/\\\/castellosanantonio.com\\\/giardino-botanico-andre-heller-gardone-riviera\\\/#breadcrumb\",\"itemListElement\":[{\"@type\":\"ListItem\",\"position\":1,\"name\":\"Home\",\"item\":\"https:\\\/\\\/castellosanantonio.com\\\/\"},{\"@type\":\"ListItem\",\"position\":2,\"name\":\"Giardino Botanico Andre&#8217; Heller\"}]},{\"@type\":\"WebSite\",\"@id\":\"https:\\\/\\\/castellosanantonio.com\\\/#website\",\"url\":\"https:\\\/\\\/castellosanantonio.com\\\/\",\"name\":\"Hotel Castello Sant\u2019Antonio\",\"description\":\"Hotel Lago di Garda a Lazise con Vista Lago e Piscina\",\"publisher\":{\"@id\":\"https:\\\/\\\/castellosanantonio.com\\\/#organization\"},\"alternateName\":\"Hotel Castello S.Antonio\",\"potentialAction\":[{\"@type\":\"SearchAction\",\"target\":{\"@type\":\"EntryPoint\",\"urlTemplate\":\"https:\\\/\\\/castellosanantonio.com\\\/?s={search_term_string}\"},\"query-input\":{\"@type\":\"PropertyValueSpecification\",\"valueRequired\":true,\"valueName\":\"search_term_string\"}}],\"inLanguage\":\"fr-FR\"},{\"@type\":\"Organization\",\"@id\":\"https:\\\/\\\/castellosanantonio.com\\\/#organization\",\"name\":\"Hotel Castello Sant\u2019Antonio\",\"alternateName\":\"Hotel Castello S.Antonio\",\"url\":\"https:\\\/\\\/castellosanantonio.com\\\/\",\"logo\":{\"@type\":\"ImageObject\",\"inLanguage\":\"fr-FR\",\"@id\":\"https:\\\/\\\/castellosanantonio.com\\\/#\\\/schema\\\/logo\\\/image\\\/\",\"url\":\"https:\\\/\\\/castellosanantonio.com\\\/wp-content\\\/uploads\\\/2025\\\/12\\\/Hotel-Castello-San-Antonio-Lago-di-Garda-a-Lazise-con-Vista-Lago-e-Piscina.jpg\",\"contentUrl\":\"https:\\\/\\\/castellosanantonio.com\\\/wp-content\\\/uploads\\\/2025\\\/12\\\/Hotel-Castello-San-Antonio-Lago-di-Garda-a-Lazise-con-Vista-Lago-e-Piscina.jpg\",\"width\":1200,\"height\":675,\"caption\":\"Hotel Castello Sant\u2019Antonio\"},\"image\":{\"@id\":\"https:\\\/\\\/castellosanantonio.com\\\/#\\\/schema\\\/logo\\\/image\\\/\"},\"sameAs\":[\"https:\\\/\\\/www.facebook.com\\\/Castellosanantonio\\\/\",\"https:\\\/\\\/www.instagram.com\\\/castello_san_antonio\\\/\"]},{\"@type\":\"Person\",\"@id\":\"https:\\\/\\\/castellosanantonio.com\\\/#\\\/schema\\\/person\\\/525bf014f9797574ab3f89f30124adc1\",\"name\":\"Castello San Antonio\",\"image\":{\"@type\":\"ImageObject\",\"inLanguage\":\"fr-FR\",\"@id\":\"https:\\\/\\\/secure.gravatar.com\\\/avatar\\\/a62a9de17a7f19e711978c23f72e31b873f789dce4c1b3859ac26261f6e0a7fa?s=96&d=mm&r=g\",\"url\":\"https:\\\/\\\/secure.gravatar.com\\\/avatar\\\/a62a9de17a7f19e711978c23f72e31b873f789dce4c1b3859ac26261f6e0a7fa?s=96&d=mm&r=g\",\"contentUrl\":\"https:\\\/\\\/secure.gravatar.com\\\/avatar\\\/a62a9de17a7f19e711978c23f72e31b873f789dce4c1b3859ac26261f6e0a7fa?s=96&d=mm&r=g\",\"caption\":\"Castello San Antonio\"},\"sameAs\":[\"http:\\\/\\\/castellosanantonio.com\"]}]}<\/script>\n<!-- \/ Yoast SEO plugin. -->","yoast_head_json":{"title":"Jardin botanique Andr\u00e9 Heller | H\u00f4tel Castello S. Antonio","description":"D\u00e9couvrez le jardin botanique Andr\u00e9 Heller \u00e0 Gardone Riviera : un paradis de plantes exotiques et d'\u0153uvres d'art contemporaines au d\u00e9part de Lazise.","robots":{"index":"index","follow":"follow","max-snippet":"max-snippet:-1","max-image-preview":"max-image-preview:large","max-video-preview":"max-video-preview:-1"},"canonical":"https:\/\/castellosanantonio.com\/fr\/jardin-botanique-andre-heller-gardone-riviera\/","og_locale":"fr_FR","og_type":"article","og_title":"Giardino Botanico Andr\u00e9 Heller | Hotel Castello S. Antonio","og_description":"Scopri il Giardino Botanico Andr\u00e9 Heller a Gardone Riviera: un paradiso di piante esotiche e opere d'arte contemporanea partendo da Lazise.","og_url":"https:\/\/castellosanantonio.com\/fr\/jardin-botanique-andre-heller-gardone-riviera\/","og_site_name":"Hotel Castello San Antonio","article_publisher":"https:\/\/www.facebook.com\/Castellosanantonio\/","article_published_time":"2025-12-28T01:07:33+00:00","article_modified_time":"2025-12-28T01:36:56+00:00","og_image":[{"width":1500,"height":1125,"url":"https:\/\/castellosanantonio.com\/wp-content\/uploads\/2025\/12\/Giardino-Botanico-Andre-Heller.jpg","type":"image\/jpeg"}],"author":"Castello San Antonio","schema":{"@context":"https:\/\/schema.org","@graph":[{"@type":"Article","@id":"https:\/\/castellosanantonio.com\/giardino-botanico-andre-heller-gardone-riviera\/#article","isPartOf":{"@id":"https:\/\/castellosanantonio.com\/giardino-botanico-andre-heller-gardone-riviera\/"},"author":{"name":"Castello San Antonio","@id":"https:\/\/castellosanantonio.com\/#\/schema\/person\/525bf014f9797574ab3f89f30124adc1"},"headline":"Giardino Botanico Andre&#8217; Heller","datePublished":"2025-12-28T01:07:33+00:00","dateModified":"2025-12-28T01:36:56+00:00","mainEntityOfPage":{"@id":"https:\/\/castellosanantonio.com\/giardino-botanico-andre-heller-gardone-riviera\/"},"wordCount":531,"publisher":{"@id":"https:\/\/castellosanantonio.com\/#organization"},"image":{"@id":"https:\/\/castellosanantonio.com\/giardino-botanico-andre-heller-gardone-riviera\/#primaryimage"},"thumbnailUrl":"https:\/\/castellosanantonio.com\/wp-content\/uploads\/2025\/12\/Giardino-Botanico-Andre-Heller.jpg","articleSection":["Dintorni"],"inLanguage":"fr-FR"},{"@type":"WebPage","@id":"https:\/\/castellosanantonio.com\/giardino-botanico-andre-heller-gardone-riviera\/","url":"https:\/\/castellosanantonio.com\/giardino-botanico-andre-heller-gardone-riviera\/","name":"Jardin botanique Andr\u00e9 Heller | H\u00f4tel Castello S. Antonio","isPartOf":{"@id":"https:\/\/castellosanantonio.com\/#website"},"primaryImageOfPage":{"@id":"https:\/\/castellosanantonio.com\/giardino-botanico-andre-heller-gardone-riviera\/#primaryimage"},"image":{"@id":"https:\/\/castellosanantonio.com\/giardino-botanico-andre-heller-gardone-riviera\/#primaryimage"},"thumbnailUrl":"https:\/\/castellosanantonio.com\/wp-content\/uploads\/2025\/12\/Giardino-Botanico-Andre-Heller.jpg","datePublished":"2025-12-28T01:07:33+00:00","dateModified":"2025-12-28T01:36:56+00:00","description":"D\u00e9couvrez le jardin botanique Andr\u00e9 Heller \u00e0 Gardone Riviera : un paradis de plantes exotiques et d'\u0153uvres d'art contemporaines au d\u00e9part de Lazise.","breadcrumb":{"@id":"https:\/\/castellosanantonio.com\/giardino-botanico-andre-heller-gardone-riviera\/#breadcrumb"},"inLanguage":"fr-FR","potentialAction":[{"@type":"ReadAction","target":["https:\/\/castellosanantonio.com\/giardino-botanico-andre-heller-gardone-riviera\/"]}]},{"@type":"ImageObject","inLanguage":"fr-FR","@id":"https:\/\/castellosanantonio.com\/giardino-botanico-andre-heller-gardone-riviera\/#primaryimage","url":"https:\/\/castellosanantonio.com\/wp-content\/uploads\/2025\/12\/Giardino-Botanico-Andre-Heller.jpg","contentUrl":"https:\/\/castellosanantonio.com\/wp-content\/uploads\/2025\/12\/Giardino-Botanico-Andre-Heller.jpg","width":1500,"height":1125,"caption":"Giardino Botanico Andr\u00e9 Heller"},{"@type":"BreadcrumbList","@id":"https:\/\/castellosanantonio.com\/giardino-botanico-andre-heller-gardone-riviera\/#breadcrumb","itemListElement":[{"@type":"ListItem","position":1,"name":"Home","item":"https:\/\/castellosanantonio.com\/"},{"@type":"ListItem","position":2,"name":"Giardino Botanico Andre&#8217; Heller"}]},{"@type":"WebSite","@id":"https:\/\/castellosanantonio.com\/#website","url":"https:\/\/castellosanantonio.com\/","name":"H\u00f4tel Castello Sant\u2019Antonio","description":"H\u00f4tel Lac de Garde \u00e0 Lazise avec vue sur le lac et piscine","publisher":{"@id":"https:\/\/castellosanantonio.com\/#organization"},"alternateName":"Hotel Castello S.Antonio","potentialAction":[{"@type":"SearchAction","target":{"@type":"EntryPoint","urlTemplate":"https:\/\/castellosanantonio.com\/?s={search_term_string}"},"query-input":{"@type":"PropertyValueSpecification","valueRequired":true,"valueName":"search_term_string"}}],"inLanguage":"fr-FR"},{"@type":"Organization","@id":"https:\/\/castellosanantonio.com\/#organization","name":"H\u00f4tel Castello Sant\u2019Antonio","alternateName":"Hotel Castello S.Antonio","url":"https:\/\/castellosanantonio.com\/","logo":{"@type":"ImageObject","inLanguage":"fr-FR","@id":"https:\/\/castellosanantonio.com\/#\/schema\/logo\/image\/","url":"https:\/\/castellosanantonio.com\/wp-content\/uploads\/2025\/12\/Hotel-Castello-San-Antonio-Lago-di-Garda-a-Lazise-con-Vista-Lago-e-Piscina.jpg","contentUrl":"https:\/\/castellosanantonio.com\/wp-content\/uploads\/2025\/12\/Hotel-Castello-San-Antonio-Lago-di-Garda-a-Lazise-con-Vista-Lago-e-Piscina.jpg","width":1200,"height":675,"caption":"Hotel Castello Sant\u2019Antonio"},"image":{"@id":"https:\/\/castellosanantonio.com\/#\/schema\/logo\/image\/"},"sameAs":["https:\/\/www.facebook.com\/Castellosanantonio\/","https:\/\/www.instagram.com\/castello_san_antonio\/"]},{"@type":"Person","@id":"https:\/\/castellosanantonio.com\/#\/schema\/person\/525bf014f9797574ab3f89f30124adc1","name":"Castello San Antonio","image":{"@type":"ImageObject","inLanguage":"fr-FR","@id":"https:\/\/secure.gravatar.com\/avatar\/a62a9de17a7f19e711978c23f72e31b873f789dce4c1b3859ac26261f6e0a7fa?s=96&d=mm&r=g","url":"https:\/\/secure.gravatar.com\/avatar\/a62a9de17a7f19e711978c23f72e31b873f789dce4c1b3859ac26261f6e0a7fa?s=96&d=mm&r=g","contentUrl":"https:\/\/secure.gravatar.com\/avatar\/a62a9de17a7f19e711978c23f72e31b873f789dce4c1b3859ac26261f6e0a7fa?s=96&d=mm&r=g","caption":"Castello San Antonio"},"sameAs":["http:\/\/castellosanantonio.com"]}]}},"_links":{"self":[{"href":"https:\/\/castellosanantonio.com\/fr\/wp-json\/wp\/v2\/posts\/782","targetHints":{"allow":["GET"]}}],"collection":[{"href":"https:\/\/castellosanantonio.com\/fr\/wp-json\/wp\/v2\/posts"}],"about":[{"href":"https:\/\/castellosanantonio.com\/fr\/wp-json\/wp\/v2\/types\/post"}],"author":[{"embeddable":true,"href":"https:\/\/castellosanantonio.com\/fr\/wp-json\/wp\/v2\/users\/1"}],"replies":[{"embeddable":true,"href":"https:\/\/castellosanantonio.com\/fr\/wp-json\/wp\/v2\/comments?post=782"}],"version-history":[{"count":2,"href":"https:\/\/castellosanantonio.com\/fr\/wp-json\/wp\/v2\/posts\/782\/revisions"}],"predecessor-version":[{"id":786,"href":"https:\/\/castellosanantonio.com\/fr\/wp-json\/wp\/v2\/posts\/782\/revisions\/786"}],"wp:featuredmedia":[{"embeddable":true,"href":"https:\/\/castellosanantonio.com\/fr\/wp-json\/wp\/v2\/media\/785"}],"wp:attachment":[{"href":"https:\/\/castellosanantonio.com\/fr\/wp-json\/wp\/v2\/media?parent=782"}],"wp:term":[{"taxonomy":"category","embeddable":true,"href":"https:\/\/castellosanantonio.com\/fr\/wp-json\/wp\/v2\/categories?post=782"},{"taxonomy":"post_tag","embeddable":true,"href":"https:\/\/castellosanantonio.com\/fr\/wp-json\/wp\/v2\/tags?post=782"}],"curies":[{"name":"wp","href":"https:\/\/api.w.org\/{rel}","templated":true}]}}